{"id":5438,"date":"2014-06-10T17:30:11","date_gmt":"2014-06-10T15:30:11","guid":{"rendered":"http:\/\/bd.loc\/?p=5438"},"modified":"2016-02-11T12:41:09","modified_gmt":"2016-02-11T11:41:09","slug":"a-febre-do-futebol-e-a-copa-do-mundo-o-que-significam-para-a-dengue","status":"publish","type":"post","link":"https:\/\/www.breakdengue.org\/pt-pt\/a-febre-do-futebol-e-a-copa-do-mundo-o-que-significam-para-a-dengue\/","title":{"rendered":"A febre do futebol e a Copa do Mundo: o que significam para a dengue"},"content":{"rendered":"<p><img decoding=\"async\" class=\"alignleft size-medium wp-image-5434\" style=\"padding: 0px 15px 15px 0px;\" src=\"http:\/\/breakdengue.wpengine.com\/wp-content\/uploads\/2014\/06\/463615439-300x300.jpg\" alt=\"463615439\" \/>Este ano, o Brasil sedia a 20.\u00aa<a href=\"http:\/\/www.fifa.com\/worldcup\/\" target=\"_blank\"> Copa do Mundo da FIFA<\/a>, atraindo at\u00e9 meio milh\u00e3o de visitantes internacionais. Os registros das \u00e1reas em torno dos nove est\u00e1dios da Copa do Mundo mostram que a principal <a href=\"http:\/\/simonhay.zoo.ox.ac.uk\/uploads\/publications\/195\/FIFA.pdf\" target=\"_blank\">temporada da dengue<\/a> ter\u00e1 passado antes da realiza\u00e7\u00e3o da Copa do Mundo em junho e julho, embora o risco permane\u00e7a no nordeste.<br \/>\nAinda assim, a chegada de multid\u00f5es de f\u00e3s pode aumentar o potencial de transmiss\u00e3o da dengue e os torcedores podem trazer novos gen\u00f3tipos para os quais a imunidade local \u00e9 baixa.<br \/>\nFoi sugerido que as autoridades brasileiras implementassem um controle vetorial agressivo em abril e maio, especialmente em torno dos est\u00e1dios na regi\u00e3o norte, para diminuir o n\u00famero de mosquitos transmissores da dengue. No entanto, qualquer que seja o resultado dos jogos, a Copa do Mundo \u00e9, no m\u00ednimo, uma oportunidade para avaliar a penetra\u00e7\u00e3o de novos sistemas de informa\u00e7\u00e3o de sa\u00fade p\u00fablica sobre a dengue, para que possam ser melhorados no futuro e possivelmente aplicados em outros pa\u00edses.<\/p>\n","protected":false},"excerpt":{"rendered":"<p>Este ano, o Brasil sedia a 20.\u00aa Copa do Mundo da FIFA, atraindo at\u00e9 meio milh\u00e3o de visitantes internacionais. Os registros das \u00e1reas em torno dos nove est\u00e1dios da Copa do Mundo mostram que a principal temporada da dengue ter\u00e1 passado antes da realiza\u00e7\u00e3o da\u2026<\/p>\n","protected":false},"author":6,"featured_media":0,"comment_status":"closed","ping_status":"closed","sticky":false,"template":"","format":"standard","meta":{"footnotes":""},"categories":[13],"tags":[],"class_list":["post-5438","post","type-post","status-publish","format-standard","hentry","category-noticia"],"yoast_head":"<!-- This site is optimized with the Yoast SEO plugin v16.7 - https:\/\/yoast.com\/wordpress\/plugins\/seo\/ -->\n<meta name=\"robots\" content=\"index, follow, max-snippet:-1, max-image-preview:large, max-video-preview:-1\" \/>\n<link rel=\"canonical\" href=\"https:\/\/www.breakdengue.org\/pt-pt\/a-febre-do-futebol-e-a-copa-do-mundo-o-que-significam-para-a-dengue\/\" \/>\n<meta property=\"og:locale\" content=\"pt_PT\" \/>\n<meta property=\"og:type\" content=\"article\" \/>\n<meta property=\"og:title\" content=\"A febre do futebol e a Copa do Mundo: o que significam para a dengue - Break Dengue\" \/>\n<meta property=\"og:description\" content=\"Este ano, o Brasil sedia a 20.\u00aa Copa do Mundo da FIFA, atraindo at\u00e9 meio milh\u00e3o de visitantes internacionais. Os registros das \u00e1reas em torno dos nove est\u00e1dios da Copa do Mundo mostram que a principal temporada da dengue ter\u00e1 passado antes da realiza\u00e7\u00e3o da\u2026\" \/>\n<meta property=\"og:url\" content=\"https:\/\/www.breakdengue.org\/pt-pt\/a-febre-do-futebol-e-a-copa-do-mundo-o-que-significam-para-a-dengue\/\" \/>\n<meta property=\"og:site_name\" content=\"Break Dengue\" \/>\n<meta property=\"article:publisher\" content=\"https:\/\/www.facebook.com\/breakdengue\/\" \/>\n<meta property=\"article:published_time\" content=\"2014-06-10T15:30:11+00:00\" \/>\n<meta property=\"article:modified_time\" content=\"2016-02-11T11:41:09+00:00\" \/>\n<meta property=\"og:image\" content=\"http:\/\/breakdengue.wpengine.com\/wp-content\/uploads\/2014\/06\/463615439-300x300.jpg\" \/>\n<meta name=\"twitter:card\" content=\"summary\" \/>\n<meta name=\"twitter:creator\" content=\"@BreakDengue\" \/>\n<meta name=\"twitter:site\" content=\"@BreakDengue\" \/>\n<meta name=\"twitter:label1\" content=\"Escrito por\" \/>\n\t<meta name=\"twitter:data1\" content=\"Thomas\" \/>\n\t<meta name=\"twitter:label2\" content=\"Tempo estimado de leitura\" \/>\n\t<meta name=\"twitter:data2\" content=\"1 minuto\" \/>\n<script type=\"application\/ld+json\" class=\"yoast-schema-graph\">{\"@context\":\"https:\/\/schema.org\",\"@graph\":[{\"@type\":\"Organization\",\"@id\":\"https:\/\/www.breakdengue.org\/#organization\",\"name\":\"Break Dengue\",\"url\":\"https:\/\/www.breakdengue.org\/\",\"sameAs\":[\"https:\/\/www.facebook.com\/breakdengue\/\",\"https:\/\/www.linkedin.com\/company\/break-dengue\/?viewAsMember=true\",\"https:\/\/www.youtube.com\/user\/breakdengue\",\"https:\/\/twitter.com\/BreakDengue\"],\"logo\":{\"@type\":\"ImageObject\",\"@id\":\"https:\/\/www.breakdengue.org\/#logo\",\"inLanguage\":\"pt-PT\",\"url\":\"https:\/\/www.breakdengue.org\/wp-content\/uploads\/2018\/10\/break-dengue-logo.jpg\",\"contentUrl\":\"https:\/\/www.breakdengue.org\/wp-content\/uploads\/2018\/10\/break-dengue-logo.jpg\",\"width\":400,\"height\":400,\"caption\":\"Break Dengue\"},\"image\":{\"@id\":\"https:\/\/www.breakdengue.org\/#logo\"}},{\"@type\":\"WebSite\",\"@id\":\"https:\/\/www.breakdengue.org\/#website\",\"url\":\"https:\/\/www.breakdengue.org\/\",\"name\":\"Break Dengue\",\"description\":\"Break Dengue aims to connect different initiatives around the world that are addressing the issue of dengue, the most rapidly spreading mosquito-borne viral disease.\",\"publisher\":{\"@id\":\"https:\/\/www.breakdengue.org\/#organization\"},\"potentialAction\":[{\"@type\":\"SearchAction\",\"target\":{\"@type\":\"EntryPoint\",\"urlTemplate\":\"https:\/\/www.breakdengue.org\/?s={search_term_string}\"},\"query-input\":\"required name=search_term_string\"}],\"inLanguage\":\"pt-PT\"},{\"@type\":\"ImageObject\",\"@id\":\"https:\/\/www.breakdengue.org\/pt-pt\/a-febre-do-futebol-e-a-copa-do-mundo-o-que-significam-para-a-dengue\/#primaryimage\",\"inLanguage\":\"pt-PT\",\"url\":\"http:\/\/breakdengue.wpengine.com\/wp-content\/uploads\/2014\/06\/463615439-300x300.jpg\",\"contentUrl\":\"http:\/\/breakdengue.wpengine.com\/wp-content\/uploads\/2014\/06\/463615439-300x300.jpg\"},{\"@type\":\"WebPage\",\"@id\":\"https:\/\/www.breakdengue.org\/pt-pt\/a-febre-do-futebol-e-a-copa-do-mundo-o-que-significam-para-a-dengue\/#webpage\",\"url\":\"https:\/\/www.breakdengue.org\/pt-pt\/a-febre-do-futebol-e-a-copa-do-mundo-o-que-significam-para-a-dengue\/\",\"name\":\"A febre do futebol e a Copa do Mundo: o que significam para a dengue - Break Dengue\",\"isPartOf\":{\"@id\":\"https:\/\/www.breakdengue.org\/#website\"},\"primaryImageOfPage\":{\"@id\":\"https:\/\/www.breakdengue.org\/pt-pt\/a-febre-do-futebol-e-a-copa-do-mundo-o-que-significam-para-a-dengue\/#primaryimage\"},\"datePublished\":\"2014-06-10T15:30:11+00:00\",\"dateModified\":\"2016-02-11T11:41:09+00:00\",\"breadcrumb\":{\"@id\":\"https:\/\/www.breakdengue.org\/pt-pt\/a-febre-do-futebol-e-a-copa-do-mundo-o-que-significam-para-a-dengue\/#breadcrumb\"},\"inLanguage\":\"pt-PT\",\"potentialAction\":[{\"@type\":\"ReadAction\",\"target\":[\"https:\/\/www.breakdengue.org\/pt-pt\/a-febre-do-futebol-e-a-copa-do-mundo-o-que-significam-para-a-dengue\/\"]}]},{\"@type\":\"BreadcrumbList\",\"@id\":\"https:\/\/www.breakdengue.org\/pt-pt\/a-febre-do-futebol-e-a-copa-do-mundo-o-que-significam-para-a-dengue\/#breadcrumb\",\"itemListElement\":[{\"@type\":\"ListItem\",\"position\":1,\"name\":\"Accueil\",\"item\":\"https:\/\/www.breakdengue.org\/\"},{\"@type\":\"ListItem\",\"position\":2,\"name\":\"A febre do futebol e a Copa do Mundo: o que significam para a dengue\"}]},{\"@type\":\"Article\",\"@id\":\"https:\/\/www.breakdengue.org\/pt-pt\/a-febre-do-futebol-e-a-copa-do-mundo-o-que-significam-para-a-dengue\/#article\",\"isPartOf\":{\"@id\":\"https:\/\/www.breakdengue.org\/pt-pt\/a-febre-do-futebol-e-a-copa-do-mundo-o-que-significam-para-a-dengue\/#webpage\"},\"author\":{\"@id\":\"https:\/\/www.breakdengue.org\/#\/schema\/person\/c5ee277a9c8a367fd42c7a962517b8f3\"},\"headline\":\"A febre do futebol e a Copa do Mundo: o que significam para a dengue\",\"datePublished\":\"2014-06-10T15:30:11+00:00\",\"dateModified\":\"2016-02-11T11:41:09+00:00\",\"mainEntityOfPage\":{\"@id\":\"https:\/\/www.breakdengue.org\/pt-pt\/a-febre-do-futebol-e-a-copa-do-mundo-o-que-significam-para-a-dengue\/#webpage\"},\"wordCount\":196,\"publisher\":{\"@id\":\"https:\/\/www.breakdengue.org\/#organization\"},\"image\":{\"@id\":\"https:\/\/www.breakdengue.org\/pt-pt\/a-febre-do-futebol-e-a-copa-do-mundo-o-que-significam-para-a-dengue\/#primaryimage\"},\"thumbnailUrl\":\"http:\/\/breakdengue.wpengine.com\/wp-content\/uploads\/2014\/06\/463615439-300x300.jpg\",\"articleSection\":[\"Not\\u00edcia\"],\"inLanguage\":\"pt-PT\"},{\"@type\":\"Person\",\"@id\":\"https:\/\/www.breakdengue.org\/#\/schema\/person\/c5ee277a9c8a367fd42c7a962517b8f3\",\"name\":\"Thomas\",\"url\":\"https:\/\/www.breakdengue.org\/pt-pt\/author\/thomas\/\"}]}<\/script>\n<!-- \/ Yoast SEO plugin. -->","yoast_head_json":{"robots":{"index":"index","follow":"follow","max-snippet":"max-snippet:-1","max-image-preview":"max-image-preview:large","max-video-preview":"max-video-preview:-1"},"canonical":"https:\/\/www.breakdengue.org\/pt-pt\/a-febre-do-futebol-e-a-copa-do-mundo-o-que-significam-para-a-dengue\/","og_locale":"pt_PT","og_type":"article","og_title":"A febre do futebol e a Copa do Mundo: o que significam para a dengue - Break Dengue","og_description":"Este ano, o Brasil sedia a 20.\u00aa Copa do Mundo da FIFA, atraindo at\u00e9 meio milh\u00e3o de visitantes internacionais. Os registros das \u00e1reas em torno dos nove est\u00e1dios da Copa do Mundo mostram que a principal temporada da dengue ter\u00e1 passado antes da realiza\u00e7\u00e3o da\u2026","og_url":"https:\/\/www.breakdengue.org\/pt-pt\/a-febre-do-futebol-e-a-copa-do-mundo-o-que-significam-para-a-dengue\/","og_site_name":"Break Dengue","article_publisher":"https:\/\/www.facebook.com\/breakdengue\/","article_published_time":"2014-06-10T15:30:11+00:00","article_modified_time":"2016-02-11T11:41:09+00:00","og_image":[{"url":"http:\/\/breakdengue.wpengine.com\/wp-content\/uploads\/2014\/06\/463615439-300x300.jpg"}],"twitter_card":"summary","twitter_creator":"@BreakDengue","twitter_site":"@BreakDengue","twitter_misc":{"Escrito por":"Thomas","Tempo estimado de leitura":"1 minuto"},"schema":{"@context":"https:\/\/schema.org","@graph":[{"@type":"Organization","@id":"https:\/\/www.breakdengue.org\/#organization","name":"Break Dengue","url":"https:\/\/www.breakdengue.org\/","sameAs":["https:\/\/www.facebook.com\/breakdengue\/","https:\/\/www.linkedin.com\/company\/break-dengue\/?viewAsMember=true","https:\/\/www.youtube.com\/user\/breakdengue","https:\/\/twitter.com\/BreakDengue"],"logo":{"@type":"ImageObject","@id":"https:\/\/www.breakdengue.org\/#logo","inLanguage":"pt-PT","url":"https:\/\/www.breakdengue.org\/wp-content\/uploads\/2018\/10\/break-dengue-logo.jpg","contentUrl":"https:\/\/www.breakdengue.org\/wp-content\/uploads\/2018\/10\/break-dengue-logo.jpg","width":400,"height":400,"caption":"Break Dengue"},"image":{"@id":"https:\/\/www.breakdengue.org\/#logo"}},{"@type":"WebSite","@id":"https:\/\/www.breakdengue.org\/#website","url":"https:\/\/www.breakdengue.org\/","name":"Break Dengue","description":"Break Dengue aims to connect different initiatives around the world that are addressing the issue of dengue, the most rapidly spreading mosquito-borne viral disease.","publisher":{"@id":"https:\/\/www.breakdengue.org\/#organization"},"potentialAction":[{"@type":"SearchAction","target":{"@type":"EntryPoint","urlTemplate":"https:\/\/www.breakdengue.org\/?s={search_term_string}"},"query-input":"required name=search_term_string"}],"inLanguage":"pt-PT"},{"@type":"ImageObject","@id":"https:\/\/www.breakdengue.org\/pt-pt\/a-febre-do-futebol-e-a-copa-do-mundo-o-que-significam-para-a-dengue\/#primaryimage","inLanguage":"pt-PT","url":"http:\/\/breakdengue.wpengine.com\/wp-content\/uploads\/2014\/06\/463615439-300x300.jpg","contentUrl":"http:\/\/breakdengue.wpengine.com\/wp-content\/uploads\/2014\/06\/463615439-300x300.jpg"},{"@type":"WebPage","@id":"https:\/\/www.breakdengue.org\/pt-pt\/a-febre-do-futebol-e-a-copa-do-mundo-o-que-significam-para-a-dengue\/#webpage","url":"https:\/\/www.breakdengue.org\/pt-pt\/a-febre-do-futebol-e-a-copa-do-mundo-o-que-significam-para-a-dengue\/","name":"A febre do futebol e a Copa do Mundo: o que significam para a dengue - Break Dengue","isPartOf":{"@id":"https:\/\/www.breakdengue.org\/#website"},"primaryImageOfPage":{"@id":"https:\/\/www.breakdengue.org\/pt-pt\/a-febre-do-futebol-e-a-copa-do-mundo-o-que-significam-para-a-dengue\/#primaryimage"},"datePublished":"2014-06-10T15:30:11+00:00","dateModified":"2016-02-11T11:41:09+00:00","breadcrumb":{"@id":"https:\/\/www.breakdengue.org\/pt-pt\/a-febre-do-futebol-e-a-copa-do-mundo-o-que-significam-para-a-dengue\/#breadcrumb"},"inLanguage":"pt-PT","potentialAction":[{"@type":"ReadAction","target":["https:\/\/www.breakdengue.org\/pt-pt\/a-febre-do-futebol-e-a-copa-do-mundo-o-que-significam-para-a-dengue\/"]}]},{"@type":"BreadcrumbList","@id":"https:\/\/www.breakdengue.org\/pt-pt\/a-febre-do-futebol-e-a-copa-do-mundo-o-que-significam-para-a-dengue\/#breadcrumb","itemListElement":[{"@type":"ListItem","position":1,"name":"Accueil","item":"https:\/\/www.breakdengue.org\/"},{"@type":"ListItem","position":2,"name":"A febre do futebol e a Copa do Mundo: o que significam para a dengue"}]},{"@type":"Article","@id":"https:\/\/www.breakdengue.org\/pt-pt\/a-febre-do-futebol-e-a-copa-do-mundo-o-que-significam-para-a-dengue\/#article","isPartOf":{"@id":"https:\/\/www.breakdengue.org\/pt-pt\/a-febre-do-futebol-e-a-copa-do-mundo-o-que-significam-para-a-dengue\/#webpage"},"author":{"@id":"https:\/\/www.breakdengue.org\/#\/schema\/person\/c5ee277a9c8a367fd42c7a962517b8f3"},"headline":"A febre do futebol e a Copa do Mundo: o que significam para a dengue","datePublished":"2014-06-10T15:30:11+00:00","dateModified":"2016-02-11T11:41:09+00:00","mainEntityOfPage":{"@id":"https:\/\/www.breakdengue.org\/pt-pt\/a-febre-do-futebol-e-a-copa-do-mundo-o-que-significam-para-a-dengue\/#webpage"},"wordCount":196,"publisher":{"@id":"https:\/\/www.breakdengue.org\/#organization"},"image":{"@id":"https:\/\/www.breakdengue.org\/pt-pt\/a-febre-do-futebol-e-a-copa-do-mundo-o-que-significam-para-a-dengue\/#primaryimage"},"thumbnailUrl":"http:\/\/breakdengue.wpengine.com\/wp-content\/uploads\/2014\/06\/463615439-300x300.jpg","articleSection":["Not\u00edcia"],"inLanguage":"pt-PT"},{"@type":"Person","@id":"https:\/\/www.breakdengue.org\/#\/schema\/person\/c5ee277a9c8a367fd42c7a962517b8f3","name":"Thomas","url":"https:\/\/www.breakdengue.org\/pt-pt\/author\/thomas\/"}]}},"_links":{"self":[{"href":"https:\/\/www.breakdengue.org\/pt-pt\/wp-json\/wp\/v2\/posts\/5438\/"}],"collection":[{"href":"https:\/\/www.breakdengue.org\/pt-pt\/wp-json\/wp\/v2\/posts\/"}],"about":[{"href":"https:\/\/www.breakdengue.org\/pt-pt\/wp-json\/wp\/v2\/types\/post\/"}],"author":[{"embeddable":true,"href":"https:\/\/www.breakdengue.org\/pt-pt\/wp-json\/wp\/v2\/users\/6\/"}],"replies":[{"embeddable":true,"href":"https:\/\/www.breakdengue.org\/pt-pt\/wp-json\/wp\/v2\/comments\/?post=5438"}],"version-history":[{"count":0,"href":"https:\/\/www.breakdengue.org\/pt-pt\/wp-json\/wp\/v2\/posts\/5438\/revisions\/"}],"wp:attachment":[{"href":"https:\/\/www.breakdengue.org\/pt-pt\/wp-json\/wp\/v2\/media\/?parent=5438"}],"wp:term":[{"taxonomy":"category","embeddable":true,"href":"https:\/\/www.breakdengue.org\/pt-pt\/wp-json\/wp\/v2\/categories\/?post=5438"},{"taxonomy":"post_tag","embeddable":true,"href":"https:\/\/www.breakdengue.org\/pt-pt\/wp-json\/wp\/v2\/tags\/?post=5438"}],"curies":[{"name":"wp","href":"https:\/\/api.w.org\/{rel}","templated":true}]}}